{"id":398,"date":"2026-02-01T15:36:08","date_gmt":"2026-02-01T12:36:08","guid":{"rendered":"https:\/\/www.marmaraadasi.org\/?p=398"},"modified":"2026-03-12T17:07:01","modified_gmt":"2026-03-12T14:07:01","slug":"haber-1","status":"publish","type":"post","link":"https:\/\/www.marmaraadasi.org\/index.php\/2026\/02\/01\/haber-1\/","title":{"rendered":"H.Y\u00fcksel Han\u00e7erli"},"content":{"rendered":"\n<p>28 Mart cumartesi g\u00fcn\u00fc Marmara\u2019da bu de\u011ferli belgeseli izleyece\u011fiz ve konu ile ilgili an\u0131lar\u0131m\u0131z\u0131 ekleyerek zenginle\u015ftirece\u011fiz. \u00c7evredeki yak\u0131n \u015fehirlerden o g\u00fcn i\u00e7in gelmek isteyenlerin haberlerini almaya ba\u015flad\u0131k. \u00c7ok seviniyoruz. Etkinlik saatlerini ona g\u00f6re ayarlad\u0131k. Gelin, 28 Martta konu\u011fumuz olun.<\/p>\n\n\n\n<div class=\"wp-block-stackable-image stk-block-image stk-block stk-3ff94e8\" data-block-id=\"3ff94e8\"><figure><span class=\"stk-img-wrapper stk-image--shape-stretch\"><img fetchpriority=\"high\" decoding=\"async\" class=\"stk-img wp-image-841\" src=\"https:\/\/www.marmaraadasi.org\/wp-content\/uploads\/2026\/03\/PHOTO-2026-02-27-15-39-06.jpg\" width=\"1136\" height=\"1600\" srcset=\"https:\/\/www.marmaraadasi.org\/wp-content\/uploads\/2026\/03\/PHOTO-2026-02-27-15-39-06.jpg 1136w, https:\/\/www.marmaraadasi.org\/wp-content\/uploads\/2026\/03\/PHOTO-2026-02-27-15-39-06-213x300.jpg 213w, https:\/\/www.marmaraadasi.org\/wp-content\/uploads\/2026\/03\/PHOTO-2026-02-27-15-39-06-727x1024.jpg 727w, https:\/\/www.marmaraadasi.org\/wp-content\/uploads\/2026\/03\/PHOTO-2026-02-27-15-39-06-768x1082.jpg 768w, https:\/\/www.marmaraadasi.org\/wp-content\/uploads\/2026\/03\/PHOTO-2026-02-27-15-39-06-1091x1536.jpg 1091w\" sizes=\"(max-width: 1136px) 100vw, 1136px\" \/><\/span><\/figure><\/div>\n","protected":false},"excerpt":{"rendered":"<p>28 Mart cumartesi g\u00fcn\u00fc Marmara\u2019da bu de\u011ferli belgeseli izleyece\u011fiz ve konu ile ilgili an\u0131lar\u0131m\u0131z\u0131 ekleyerek zenginle\u015ftirece\u011fiz. \u00c7evredeki yak\u0131n \u015fehirlerden o g\u00fcn i\u00e7in gelmek isteyenlerin haberlerini almaya ba\u015flad\u0131k. \u00c7ok seviniyoruz. Etkinlik saatlerini ona g\u00f6re ayarlad\u0131k. Gelin, 28 Martta konu\u011fumuz olun.<\/p>\n","protected":false},"author":2,"featured_media":841,"comment_status":"closed","ping_status":"open","sticky":false,"template":"","format":"standard","meta":{"footnotes":""},"categories":[1],"tags":[],"class_list":["post-398","post","type-post","status-publish","format-standard","has-post-thumbnail","hentry","category-genel"],"blocksy_meta":[],"_links":{"self":[{"href":"https:\/\/www.marmaraadasi.org\/index.php\/wp-json\/wp\/v2\/posts\/398","targetHints":{"allow":["GET"]}}],"collection":[{"href":"https:\/\/www.marmaraadasi.org\/index.php\/wp-json\/wp\/v2\/posts"}],"about":[{"href":"https:\/\/www.marmaraadasi.org\/index.php\/wp-json\/wp\/v2\/types\/post"}],"author":[{"embeddable":true,"href":"https:\/\/www.marmaraadasi.org\/index.php\/wp-json\/wp\/v2\/users\/2"}],"replies":[{"embeddable":true,"href":"https:\/\/www.marmaraadasi.org\/index.php\/wp-json\/wp\/v2\/comments?post=398"}],"version-history":[{"count":3,"href":"https:\/\/www.marmaraadasi.org\/index.php\/wp-json\/wp\/v2\/posts\/398\/revisions"}],"predecessor-version":[{"id":881,"href":"https:\/\/www.marmaraadasi.org\/index.php\/wp-json\/wp\/v2\/posts\/398\/revisions\/881"}],"wp:featuredmedia":[{"embeddable":true,"href":"https:\/\/www.marmaraadasi.org\/index.php\/wp-json\/wp\/v2\/media\/841"}],"wp:attachment":[{"href":"https:\/\/www.marmaraadasi.org\/index.php\/wp-json\/wp\/v2\/media?parent=398"}],"wp:term":[{"taxonomy":"category","embeddable":true,"href":"https:\/\/www.marmaraadasi.org\/index.php\/wp-json\/wp\/v2\/categories?post=398"},{"taxonomy":"post_tag","embeddable":true,"href":"https:\/\/www.marmaraadasi.org\/index.php\/wp-json\/wp\/v2\/tags?post=398"}],"curies":[{"name":"wp","href":"https:\/\/api.w.org\/{rel}","templated":true}]}}